{"id":28014,"date":"2016-09-05T14:55:38","date_gmt":"2016-09-05T14:55:38","guid":{"rendered":"http:\/\/www.plotmag.com\/blog\/?p=19896"},"modified":"2017-11-28T09:47:23","modified_gmt":"2017-11-28T08:47:23","slug":"erinnerungsstatte","status":"publish","type":"post","link":"https:\/\/www.plotmag.com\/blog\/2016\/09\/erinnerungsstatte\/","title":{"rendered":"Erinnerungsst\u00e4tte an der Frankfurter Gro\u00dfmarkthalle"},"content":{"rendered":"<p>An der ehemaligen Frankfurter Gro\u00dfmarkthalle wurde Ende 2015 ein Mahnmal f\u00fcr die Opfer der Deportationen im Zweiten Weltkrieg fertiggestellt. Damit soll an die mehr als 10.000 j\u00fcdischen B\u00fcrger erinnert werden, die in den Jahren 1941 bis 1945 auf diesem Gel\u00e4nde versammelt und in Konzentrationslager gebracht wurden \u2013 nach heutigem Wissen \u00fcberlebten dies nur 179 Menschen. Gestalterische Verantwortung f\u00fcr jenen bedeutenden und ernsthaften Auftrag \u00fcbernahmen Marcus Kaiser und Tobias Katz von KatzKaiser aus K\u00f6ln. Hilfe bei der Zusammenstellung des Inhalts leistete das J\u00fcdische Museum.<br \/>\nDen beiden Architekten war es dabei wichtig, vorhandene Spuren zu sichern, Wege und Bez\u00fcge zu markieren und den Ort mit Erinnerungen zu \u00fcberlagern, damit Geschehnisse nachvollziehbar dargestellt werden k\u00f6nnen. Eindr\u00fccklich sind die Zitate von Opfern und Zeitzeugen, die an verschiedenen Stellen in Beton eingelassen sind. Zentrales Motiv bei der Arbeit der Gestalter war es zudem, die Beil\u00e4ufigkeit zu zeigen, mit der die schrecklichen Vorg\u00e4nge an diesem Ort vonstatten gingen.<br \/>\nBei der Er\u00f6ffnung der Erinnerungsst\u00e4tte traf Kulturdezernent Prof. Dr. Felix Semmelroth die richtigen Worte: \u201eAuseinandersetzung mit dem Holocaust und das Gedenken an die Opfer der nationalsozialistischen Diktatur bleiben eine immerw\u00e4hrende Verpflichtung. Die Erinnerungsst\u00e4tte hat vor allem die Aufgabe, sichtbar zu machen, wie gef\u00e4hrdet auch eine demokratische und der Aufkl\u00e4rung verpflichtete Gesellschaft sein kann. Der millionenfache Mord kann keine Identit\u00e4t stiften \u2013 das Mahnmal am Ort der Verfolgung soll jedoch ein Bewusstsein f\u00fcr Freiheit, Toleranz sowie das Zusammenleben verschiedener Gruppen schaffen.\u201c<\/p>\n","protected":false},"excerpt":{"rendered":"<p>An der ehemaligen Frankfurter Gro\u00dfmarkthalle wurde Ende 2015 ein Mahnmal f\u00fcr die Opfer der Deportationen im Zweiten Weltkrieg fertiggestellt. Damit soll an die mehr [&hellip;]<\/p>\n","protected":false},"author":2,"featured_media":0,"comment_status":"open","ping_status":"open","sticky":false,"template":"","format":"standard","meta":[],"categories":[4],"tags":[62,209],"_links":{"self":[{"href":"https:\/\/www.plotmag.com\/blog\/wp-json\/wp\/v2\/posts\/28014"}],"collection":[{"href":"https:\/\/www.plotmag.com\/blog\/wp-json\/wp\/v2\/posts"}],"about":[{"href":"https:\/\/www.plotmag.com\/blog\/wp-json\/wp\/v2\/types\/post"}],"author":[{"embeddable":true,"href":"https:\/\/www.plotmag.com\/blog\/wp-json\/wp\/v2\/users\/2"}],"replies":[{"embeddable":true,"href":"https:\/\/www.plotmag.com\/blog\/wp-json\/wp\/v2\/comments?post=28014"}],"version-history":[{"count":4,"href":"https:\/\/www.plotmag.com\/blog\/wp-json\/wp\/v2\/posts\/28014\/revisions"}],"predecessor-version":[{"id":28023,"href":"https:\/\/www.plotmag.com\/blog\/wp-json\/wp\/v2\/posts\/28014\/revisions\/28023"}],"wp:attachment":[{"href":"https:\/\/www.plotmag.com\/blog\/wp-json\/wp\/v2\/media?parent=28014"}],"wp:term":[{"taxonomy":"category","embeddable":true,"href":"https:\/\/www.plotmag.com\/blog\/wp-json\/wp\/v2\/categories?post=28014"},{"taxonomy":"post_tag","embeddable":true,"href":"https:\/\/www.plotmag.com\/blog\/wp-json\/wp\/v2\/tags?post=28014"}],"curies":[{"name":"wp","href":"https:\/\/api.w.org\/{rel}","templated":true}]}}