{"id":27072,"date":"2016-07-15T09:27:16","date_gmt":"2016-07-15T09:27:16","guid":{"rendered":"http:\/\/www.plotmag.com\/blog\/?p=19896"},"modified":"2016-12-12T11:39:15","modified_gmt":"2016-12-12T10:39:15","slug":"alltag-rustung-vernichtung","status":"publish","type":"post","link":"https:\/\/www.plotmag.com\/blog\/2016\/07\/alltag-rustung-vernichtung\/","title":{"rendered":"Alltag, R\u00fcstung, Vernichtung \u2013 Der Landkreis M\u00fchldorf im Nationalsozialismus"},"content":{"rendered":"<p>Die Kulturlandschaft in M\u00fchldorf am Inn, Kreisstadt des gleichnamigen Bezirks in Oberbayern, ist seit dem 21. November 2015 um die Dauerausstellung \u201eAlltag, R\u00fcstung, Vernichtung \u2013 Der Landkreis M\u00fchldorf im Nationalsozialismus\u201c reicher. Auf 300 Quadratmetern Fl\u00e4che hat die Stuttgarter Agentur SPACE4 im zweiten Obergeschoss des jahrhundertealten Lodronhauses den Rundgang gestaltet.<\/p>\n<p>Ausstellungsinhalte lieferte die einstige Existenz eines der gr\u00f6\u00dften Au\u00dfenlager des KZ Dachau im Landkreis M\u00fchldorf. Im Jahr 1944 wurde es errichtet, um die Produktion von Flugzeugteilen in einer unterirdischen Bunkeranlage zu veranlassen. Nahezu die H\u00e4lfte der mehr als 8.000 aus ganz Europa inhaftierten, meist j\u00fcdischen Zwangsarbeiter starben unter den menschenunw\u00fcrdigen Bedingungen in dem provisorischen Lager. Neben der Aufarbeitung der nationalsozialistischen Vergangenheit beleuchtet die Ausstellung ebenfalls die allgemeine Entwicklung des von der Agrarwirtschaft gepr\u00e4gten Landkreises in der Zeit des Nationalsozialismus. Sie gliedert sich in chronologischer Reihenfolge in die vier Kapitel \u201eAlltag im Nationalsozialismus\u201c, \u201eR\u00fcstungsprojekt und KZ-Au\u00dfenlagerkomplex\u201c, \u201eKriegsende\u201c und \u201eAufarbeitung\u201c. Dabei bildet der zweite Bereich, in dem es um das Waldlager und die Bunkerbaustelle geht, den dramaturgischen H\u00f6hepunkt und zeigt sich im Vergleich zu den anderen Bereichen am detailliertesten.<\/p>\n<p>Mit einem d\u00fcsteren Thema befindet sich die Ausstellung jedoch in freundlicher Atmosph\u00e4re: Ein heller Holzboden, eine h\u00f6lzerne Decke mit wei\u00df gekalkten Holzst\u00fctzen sowie gro\u00dfe Fenster lassen den Raum in dem historischen Geb\u00e4ude hell und einladend erscheinen. Dabei hat SPACE4 das Materialkonzept angepasst: Nat\u00fcrliche und einfache Materialien wie Filz, grobes Leinen, Holz, Faserzement und unbehandelter Stahl unterst\u00fctzen diese Wirkung. Mit Raumteilern aus silbergrau lasierten Kanth\u00f6lzern, die zwischen Decke und Boden verspannt sind, wurde ein Rundgang geschaffen. In ihrer Materialit\u00e4t grenzt sich die Raumteilung von ihrer historischen Umgebung zwar ab, farblich harmonisiert sie jedoch sehr gut, damit die ruhige Atmosph\u00e4re nicht unterbrochen wird.<br \/>\nIm Prolog werden die Besucher \u00fcber einen Banner und ein gro\u00dfformatiges Leitfoto in die vier Bereiche eingef\u00fchrt. Diese sind immer gleich aufgebaut: Die Leitexponate sind in Stelen aus Acrylglas pr\u00e4sentiert und funktionieren gleichzeitig als vertikale Orientierungspunkte f\u00fcr die Besucherf\u00fchrung durch die Ausstellung. Von diesen wird der Inhalt in der Horizontalen an Thementischen abgeleitet. Um die Leichtigkeit zu gew\u00e4hrleisten und der \u201eSchwere\u201c des Themas entgegenzuwirken, sind jene mit einer leichten Unterbaukonstruktion versehen und bestehen aus d\u00fcnnen Faserzementplatten auf einem filigranen Stahlgestell. Ausgew\u00e4hlte Objekte und Dokumente befindet sich in Vitrinen, ansonsten sind Beschriftungen sowie Informationsgrafiken direkt auf die Tischplatte gedruckt. Um das reduzierte Konzept nicht zu brechen, sind die Druckfarben auf Schwarz und Wei\u00df beschr\u00e4nkt. Au\u00dferdem sind dort Audio- und Video-Elemente mit Handh\u00f6rern integriert, um Zeitzeugen-Interviews abspielen zu k\u00f6nnen. Eine Erg\u00e4nzung zur Sachebene bieten die biografischen Erz\u00e4hlstr\u00e4nge auf Filzstelen kurze Steckbriefe und Portraits. Als Hauptbereich beinhaltet \u201eR\u00fcstungsprojekt und KZ-Au\u00dfenlagerkomplex\u201c einen gro\u00dfformatigen, medialen \u201eKartentisch\u201c, der eine Filmsequenz \u00fcber die Thematik sowie ein ma\u00dfstabsgetreues Bunkermodell enth\u00e4lt.<\/p>\n<p>\u201eAlltag, R\u00fcstung, Vernichtung \u2013 Der Landkreis M\u00fchldorf im Nationalsozialismus\u201c zeichnet sich insgesamt durch eine bedachte und feine Gestaltung aus, welche die Besucher mit einer konzeptionellen Leichtigkeit durch ein thematisch sehr schweres Feld leiten.<\/p>\n","protected":false},"excerpt":{"rendered":"<p>Die Kulturlandschaft in M\u00fchldorf am Inn, Kreisstadt des gleichnamigen Bezirks in Oberbayern, ist seit dem 21. November 2015 um die Dauerausstellung \u201eAlltag, R\u00fcstung, Vernichtung [&hellip;]<\/p>\n","protected":false},"author":2,"featured_media":0,"comment_status":"open","ping_status":"open","sticky":false,"template":"","format":"standard","meta":[],"categories":[4],"tags":[1464,300],"_links":{"self":[{"href":"https:\/\/www.plotmag.com\/blog\/wp-json\/wp\/v2\/posts\/27072"}],"collection":[{"href":"https:\/\/www.plotmag.com\/blog\/wp-json\/wp\/v2\/posts"}],"about":[{"href":"https:\/\/www.plotmag.com\/blog\/wp-json\/wp\/v2\/types\/post"}],"author":[{"embeddable":true,"href":"https:\/\/www.plotmag.com\/blog\/wp-json\/wp\/v2\/users\/2"}],"replies":[{"embeddable":true,"href":"https:\/\/www.plotmag.com\/blog\/wp-json\/wp\/v2\/comments?post=27072"}],"version-history":[{"count":2,"href":"https:\/\/www.plotmag.com\/blog\/wp-json\/wp\/v2\/posts\/27072\/revisions"}],"predecessor-version":[{"id":27076,"href":"https:\/\/www.plotmag.com\/blog\/wp-json\/wp\/v2\/posts\/27072\/revisions\/27076"}],"wp:attachment":[{"href":"https:\/\/www.plotmag.com\/blog\/wp-json\/wp\/v2\/media?parent=27072"}],"wp:term":[{"taxonomy":"category","embeddable":true,"href":"https:\/\/www.plotmag.com\/blog\/wp-json\/wp\/v2\/categories?post=27072"},{"taxonomy":"post_tag","embeddable":true,"href":"https:\/\/www.plotmag.com\/blog\/wp-json\/wp\/v2\/tags?post=27072"}],"curies":[{"name":"wp","href":"https:\/\/api.w.org\/{rel}","templated":true}]}}