{"id":21202,"date":"2015-02-12T13:48:00","date_gmt":"2015-02-12T12:48:00","guid":{"rendered":"http:\/\/www.plotmag.com\/blog\/?p=21202"},"modified":"2015-11-06T11:05:36","modified_gmt":"2015-11-06T10:05:36","slug":"entdeckungsreise-in-das-reich-der-dufte","status":"publish","type":"post","link":"https:\/\/www.plotmag.com\/blog\/2015\/02\/entdeckungsreise-in-das-reich-der-dufte\/","title":{"rendered":"Entdeckungsreise in das Reich der D\u00fcfte"},"content":{"rendered":"<p>In Zusammenarbeit mit Botanikern, Biologen und Kulturwissenschaftlern des Palmengartens der Stadt Frankfurt am Main realisierten die Gestalter von what if die tempor\u00e4re Ausstellung \u201eDuft\u201c als Entdeckungsreise in das Reich der D\u00fcfte. Daf\u00fcr wurde die lichtdurchflutete Galerie West des Palmengartens vom 22.05. bis 21.09.2014 mit raumgreifenden Scherenschnitt-Motiven, wie zum Beispiel \u00fcberdimensionalen h\u00f6lzernen Bl\u00fcten, Insekten, historischen Geb\u00e4ude oder Destillationsapparaturen, in verschiedene Bereiche gegliedert. Diese wurden \u00fcberrankt von opulentem Pflanzengr\u00fcn aus dem Archiv des Palmengartens. So fanden sich die Besucher in einem dschungelartigen Parcours inmitten eines Parfumlabors oder Duftgartens wieder und konnten sich aus den Blickwinkeln ganz unterschiedlicher wissenschaftlicher Disziplinen, wie etwa der Biologie, Chemie oder Geschichtswissenschaft, der Welt der D\u00fcfte n\u00e4hern. Lebende Duftpflanzen, \u00e4therische \u00d6le, Obstschalen, Samen und k\u00fcnstliche Aromen bildeten sogenannte \u201eDuft-Stationen\u201c. Um in der Welt der D\u00fcfte nicht den \u00dcberblick zu verlieren, wurden die unz\u00e4hligen Dufterlebnisse zudem farblich kodiert und lie\u00dfen sich so einer von insgesamt 17 Duftnoten zuordnen. Um mit der tempor\u00e4ren Ausstellung im Sinne nachhaltiger Gestaltung keinen \u00fcberfl\u00fcssigen M\u00fcll zu produzieren, kam nur vollst\u00e4ndig kompostierbares Plattenmaterial zum Einsatz.<\/p>\n<p>&nbsp;<\/p>\n<p>&nbsp;<\/p>\n","protected":false},"excerpt":{"rendered":"<p>In Zusammenarbeit mit Botanikern, Biologen und Kulturwissenschaftlern des Palmengartens der Stadt Frankfurt am Main realisierten die Gestalter von what if die tempor\u00e4re Ausstellung \u201eDuft\u201c [&hellip;]<\/p>\n","protected":false},"author":2,"featured_media":0,"comment_status":"open","ping_status":"open","sticky":false,"template":"","format":"standard","meta":[],"categories":[4],"tags":[62,1122],"_links":{"self":[{"href":"https:\/\/www.plotmag.com\/blog\/wp-json\/wp\/v2\/posts\/21202"}],"collection":[{"href":"https:\/\/www.plotmag.com\/blog\/wp-json\/wp\/v2\/posts"}],"about":[{"href":"https:\/\/www.plotmag.com\/blog\/wp-json\/wp\/v2\/types\/post"}],"author":[{"embeddable":true,"href":"https:\/\/www.plotmag.com\/blog\/wp-json\/wp\/v2\/users\/2"}],"replies":[{"embeddable":true,"href":"https:\/\/www.plotmag.com\/blog\/wp-json\/wp\/v2\/comments?post=21202"}],"version-history":[{"count":13,"href":"https:\/\/www.plotmag.com\/blog\/wp-json\/wp\/v2\/posts\/21202\/revisions"}],"predecessor-version":[{"id":21504,"href":"https:\/\/www.plotmag.com\/blog\/wp-json\/wp\/v2\/posts\/21202\/revisions\/21504"}],"wp:attachment":[{"href":"https:\/\/www.plotmag.com\/blog\/wp-json\/wp\/v2\/media?parent=21202"}],"wp:term":[{"taxonomy":"category","embeddable":true,"href":"https:\/\/www.plotmag.com\/blog\/wp-json\/wp\/v2\/categories?post=21202"},{"taxonomy":"post_tag","embeddable":true,"href":"https:\/\/www.plotmag.com\/blog\/wp-json\/wp\/v2\/tags?post=21202"}],"curies":[{"name":"wp","href":"https:\/\/api.w.org\/{rel}","templated":true}]}}