{"id":14701,"date":"2013-04-29T14:20:55","date_gmt":"2013-04-29T12:20:55","guid":{"rendered":"http:\/\/www.plotmag.com\/blog\/?p=14701"},"modified":"2016-02-29T09:34:04","modified_gmt":"2016-02-29T08:34:04","slug":"rebelious-sophistication","status":"publish","type":"post","link":"https:\/\/www.plotmag.com\/blog\/2013\/04\/rebelious-sophistication\/","title":{"rendered":"Rebellious Sophistication"},"content":{"rendered":"<p>Um daf\u00fcr zu sorgen, dass der Laufsteg zur Pr\u00e4sentation ihrer neuen Herbst\/Winter-Kollektion auf der <strong>Pariser Fashion Week 2013<\/strong> eindrucksvoll gestaltet war, engagierte das niederl\u00e4ndische Modelabel <strong>Viktor &amp; Rolf<\/strong> das niederl\u00e4ndisch-belgische Designb\u00fcro<strong> Studio Job<\/strong>. 1998 gegr\u00fcndet, ist <strong>Studio Job<\/strong> \u2013 gef\u00fchrt von Job Smeets und Nynke Tynagel \u2013 bekannt f\u00fcr ironische Verfremdung und manieristischen Neo-Barock im Bezug auf M\u00f6beldesign. Schon einige Male zuvor hatten <strong>Viktor &amp; Rolf<\/strong> das Duo beauftragt, ihre Laufstege zu gestalten. Der diesj\u00e4hrige Auftrag \u201eetwas mit Blumen\u201c auf den Laufsteg zu bringen, weckte in dem Gestalterp\u00e4rchen jeweils eine Idee: Nynke Tynagel dachte an William Morris und Job Smeets an verwelkte Blumen. Beide Ideen zusammen ergaben letztendlich die Gestaltung f\u00fcr die Show: Alles strikt in Schwarz und Wei\u00df gehalten, passte sich die die Aufmachung harmonisch der Kollektion an, die ebenfalls mit diesen Farben beeindruckte.<strong> Studio Job<\/strong> stattete den Laufsteg mit einem schwarz-wei\u00dfen Bodenbelag-Druck und einem Hintergrund-Druck aus welkenden Sonnenblumen \u2013 beides im Arts and Crafts Stil \u2013 aus und erzielte dadurch die Wirkung einer monochromen Blumenbombe, in die sich die Modelle mit den pr\u00e4sentierten Kleidern perfekt einf\u00fcgten. W\u00e4hrend der Show,<strong> Anfang M\u00e4rz 2013<\/strong> erwirkte die Gestaltung so eine gewisse Melancholie und machte das Event zu einer szenografisch wundersch\u00f6nen und poetischen Veranstaltung.<\/p>\n","protected":false},"excerpt":{"rendered":"<p>Um daf\u00fcr zu sorgen, dass der Laufsteg zur Pr\u00e4sentation ihrer neuen Herbst\/Winter-Kollektion auf der Pariser Fashion Week 2013 eindrucksvoll gestaltet war, engagierte das niederl\u00e4ndische [&hellip;]<\/p>\n","protected":false},"author":2,"featured_media":0,"comment_status":"open","ping_status":"open","sticky":false,"template":"","format":"standard","meta":[],"categories":[6],"tags":[277,788],"_links":{"self":[{"href":"https:\/\/www.plotmag.com\/blog\/wp-json\/wp\/v2\/posts\/14701"}],"collection":[{"href":"https:\/\/www.plotmag.com\/blog\/wp-json\/wp\/v2\/posts"}],"about":[{"href":"https:\/\/www.plotmag.com\/blog\/wp-json\/wp\/v2\/types\/post"}],"author":[{"embeddable":true,"href":"https:\/\/www.plotmag.com\/blog\/wp-json\/wp\/v2\/users\/2"}],"replies":[{"embeddable":true,"href":"https:\/\/www.plotmag.com\/blog\/wp-json\/wp\/v2\/comments?post=14701"}],"version-history":[{"count":23,"href":"https:\/\/www.plotmag.com\/blog\/wp-json\/wp\/v2\/posts\/14701\/revisions"}],"predecessor-version":[{"id":16066,"href":"https:\/\/www.plotmag.com\/blog\/wp-json\/wp\/v2\/posts\/14701\/revisions\/16066"}],"wp:attachment":[{"href":"https:\/\/www.plotmag.com\/blog\/wp-json\/wp\/v2\/media?parent=14701"}],"wp:term":[{"taxonomy":"category","embeddable":true,"href":"https:\/\/www.plotmag.com\/blog\/wp-json\/wp\/v2\/categories?post=14701"},{"taxonomy":"post_tag","embeddable":true,"href":"https:\/\/www.plotmag.com\/blog\/wp-json\/wp\/v2\/tags?post=14701"}],"curies":[{"name":"wp","href":"https:\/\/api.w.org\/{rel}","templated":true}]}}